{"id":55,"date":"2026-01-07T14:37:27","date_gmt":"2026-01-07T14:37:27","guid":{"rendered":"https:\/\/landesimpresario.com\/polisimpresario\/?p=55"},"modified":"2026-01-07T14:37:27","modified_gmt":"2026-01-07T14:37:27","slug":"kai-wegner-live-aus-dem-homeoffice-der-macht","status":"publish","type":"post","link":"https:\/\/landesimpresario.com\/polisimpresario\/2026\/01\/07\/kai-wegner-live-aus-dem-homeoffice-der-macht\/","title":{"rendered":"Kai Wegner: Live aus dem Homeoffice der Macht!"},"content":{"rendered":"<h1>Gestatten,<\/h1>\n<ul>\n<li><a href=\"https:\/\/de.wikipedia.org\/wiki\/Kai_Wegner\" target=\"_blank\" rel=\"noopener\">https:\/\/de.wikipedia.org\/wiki\/Kai_Wegner<\/a><\/li>\n<\/ul>\n<p>Skandale und Aff\u00e4ren?<\/p>\n<h1>Fiktives Interview mit Kai Wegner<\/h1>\n<h2>\u201eGuten Abend aus dem Homeoffice der Macht\u201c<\/h2>\n<p><strong>Interviewer:<\/strong> Herr Wegner, sch\u00f6n, dass Sie es eingerichtet haben, heute pers\u00f6nlich zu erscheinen. Mussten wir daf\u00fcr das Licht ausmachen, damit Sie kommen?<\/p>\n<p><strong>Kai Wegner:<\/strong> Ich freue mich, hier zu sein. Und nein, ich komme auch, wenn der Strom noch an ist.<\/p>\n<p><strong>Interviewer:<\/strong> Beim gro\u00dfen Stromausfall haben Sie das aber eher theoretisch gesehen, oder? Viele Berliner hatten das Gef\u00fchl: Alle sind im Dunkeln, nur der Regierende sitzt im Warmen und ruft mal durch.<\/p>\n<p><strong>Kai Wegner:<\/strong> Krisenmanagement bedeutet, den \u00dcberblick zu behalten. Manchmal geht das besser aus der Leitstelle, manchmal von zu Hause.<\/p>\n<p><strong>Interviewer:<\/strong> \u201eLeitstelle Wohnzimmer\u201c ist ein interessantes Konzept. Haben Sie auch eine Krisen-Couch und ein Lagezentrum auf dem Couchtisch?<\/p>\n<p><strong>Kai Wegner:<\/strong> Ich kann sehr gut von \u00fcberall arbeiten. Entscheidend ist, dass Entscheidungen getroffen werden.<\/p>\n<p><strong>Interviewer:<\/strong> Viele h\u00e4tten sich gew\u00fcnscht, dass eine dieser Entscheidungen lautet: \u201eIch fahre hin.\u201c Stattdessen waren Sie zugeschaltet. War das WLAN stabiler als die Stromversorgung?<\/p>\n<p><strong>Kai Wegner:<\/strong> Wir hatten st\u00e4ndig Kontakt zu allen relevanten Stellen. Vor Ort zu sein ist wichtig, aber nicht der einzige Faktor.<\/p>\n<p><strong>Interviewer:<\/strong> Berlinerinnen und Berliner sagen: \u201eWir hatten keinen Strom, aber wenigstens war der Regierende B\u00fcrgermeister per Videokonferenz zugeschaltet.\u201c Klingt nicht sehr tr\u00f6stlich.<\/p>\n<p><strong>Kai Wegner:<\/strong> Wir haben uns um L\u00f6sungen gek\u00fcmmert: Notunterk\u00fcnfte, Unterst\u00fctzung, Kommunikation mit den Beh\u00f6rden.<\/p>\n<h2>\u00dcbernachtungen im Ausnahmezustand<\/h2>\n<p><strong>Interviewer:<\/strong> Apropos Unterk\u00fcnfte: Erst gab es nur Rabatte im Hotel, dann nach Kritik volle Kosten\u00fcbernahme. Hat die Regierung da auch erst mal im Sparmodus gearbeitet?<\/p>\n<p><strong>Kai Wegner:<\/strong> Wir haben sehr schnell reagiert. In solchen Situationen muss man oft nachsteuern, wenn das Ausma\u00df sichtbar wird.<\/p>\n<p><strong>Interviewer:<\/strong> \u201eNachsteuern\u201c ist ein sch\u00f6nes Wort f\u00fcr: \u201eDie Leute waren sauer, dann haben wir es ge\u00e4ndert.\u201c Geben Sie zu, dass der Druck von au\u00dfen da eine gr\u00f6\u00dfere Rolle gespielt hat als Ihre innere Erleuchtung?<\/p>\n<p><strong>Kai Wegner:<\/strong> In einer Demokratie ist es normal, dass man Kritik h\u00f6rt und Entscheidungen anpasst. Das ist kein Makel, sondern ein Zeichen von Verantwortungsbewusstsein.<\/p>\n<p><strong>Interviewer:<\/strong> Oder von schlechtem Kriseninstinkt. Finden Sie im R\u00fcckblick: \u201eJa, da h\u00e4tte ich fr\u00fcher, deutlicher, sichtbarer reagieren m\u00fcssen\u201c?<\/p>\n<p><strong>Kai Wegner:<\/strong> Im R\u00fcckblick kann man immer Dinge finden, die man anders machen w\u00fcrde. Wichtig ist, dass wir aus jeder Krise lernen.<\/p>\n<p><strong>Interviewer:<\/strong> Wenn die Leute sagen: \u201eWir haben gelernt, dass unser B\u00fcrgermeister im Ernstfall per Call-In zugeschaltet wird\u201c, ist das eher eine Lektion oder eine Warnung?<\/p>\n<p><strong>Kai Wegner:<\/strong> Ich wei\u00df, dass dieses Bild entstanden ist. Aber es entspricht nicht dem vollen Einsatz, den wir gezeigt haben.<\/p>\n<h2>F\u00fchrung, Erwartung und Reality-Check<\/h2>\n<p><strong>Interviewer:<\/strong> Viele sprechen von \u201eF\u00fchrungsschw\u00e4che\u201c. Sie von \u201eF\u00fchrung\u201c. Die Menschen im Dunkeln hatten eher das Gef\u00fchl: \u201eF\u00fchren ja, aber bitte nicht nur aus dem Wohnzimmer.\u201c Trifft Sie dieser Vorwurf pers\u00f6nlich?<\/p>\n<p><strong>Kai Wegner:<\/strong> Nat\u00fcrlich besch\u00e4ftigt mich das. Man geht nicht unber\u00fchrt an Kritik vorbei. Aber ich kenne meinen Einsatz und meine Verantwortung.<\/p>\n<p><strong>Interviewer:<\/strong> Wenn Sie jetzt noch einmal denselben Stromausfall h\u00e4tten \u2013 was w\u00e4re anders? W\u00fcrden Sie diesmal direkt losfahren oder warten, bis Zoom aufgebaut ist?<\/p>\n<p><strong>Kai Wegner:<\/strong> Man w\u00fcrde einige Abl\u00e4ufe anpassen, auch was Sichtbarkeit vor Ort betrifft. Ich nehme diese Erwartung sehr ernst.<\/p>\n<p><strong>Interviewer:<\/strong> Also doch: weniger \u201eRegierender B\u00fcrgermeister im Off\u201c, mehr \u201eRegierender B\u00fcrgermeister mit Taschenlampe vor Ort\u201c?<\/p>\n<p><strong>Kai Wegner:<\/strong> Ich glaube, die Menschen wollen beides: handlungsf\u00e4hige Strukturen im Hintergrund und sichtbare Pr\u00e4senz. Daran arbeiten wir.<\/p>\n<p><strong>Interviewer:<\/strong> Letzte Frage: Wenn das n\u00e4chste Mal irgendwo in Berlin das Licht ausgeht \u2013 was sollen die Leute dann denken, wenn sie Ihren Namen h\u00f6ren?<\/p>\n<p><strong>Kai Wegner:<\/strong> Dass jemand Verantwortung \u00fcbernimmt, L\u00f6sungen organisiert und nicht wegschaut.<\/p>\n<p><strong>Interviewer:<\/strong> Und hoffentlich nicht wegbleibt. Vielen Dank f\u00fcr das Gespr\u00e4ch.<\/p>\n","protected":false},"excerpt":{"rendered":"<p>Fiktives Interview mit Kai Wegner<\/p>\n","protected":false},"author":1,"featured_media":56,"comment_status":"closed","ping_status":"closed","sticky":false,"template":"","format":"standard","meta":{"footnotes":""},"categories":[3],"tags":[28],"class_list":["post-55","post","type-post","status-publish","format-standard","has-post-thumbnail","hentry","category-politik-als-buhne","tag-reality-im-kai-wegner-interview-beim-landesimpressario"],"_links":{"self":[{"href":"https:\/\/landesimpresario.com\/polisimpresario\/wp-json\/wp\/v2\/posts\/55","targetHints":{"allow":["GET"]}}],"collection":[{"href":"https:\/\/landesimpresario.com\/polisimpresario\/wp-json\/wp\/v2\/posts"}],"about":[{"href":"https:\/\/landesimpresario.com\/polisimpresario\/wp-json\/wp\/v2\/types\/post"}],"author":[{"embeddable":true,"href":"https:\/\/landesimpresario.com\/polisimpresario\/wp-json\/wp\/v2\/users\/1"}],"replies":[{"embeddable":true,"href":"https:\/\/landesimpresario.com\/polisimpresario\/wp-json\/wp\/v2\/comments?post=55"}],"version-history":[{"count":1,"href":"https:\/\/landesimpresario.com\/polisimpresario\/wp-json\/wp\/v2\/posts\/55\/revisions"}],"predecessor-version":[{"id":57,"href":"https:\/\/landesimpresario.com\/polisimpresario\/wp-json\/wp\/v2\/posts\/55\/revisions\/57"}],"wp:featuredmedia":[{"embeddable":true,"href":"https:\/\/landesimpresario.com\/polisimpresario\/wp-json\/wp\/v2\/media\/56"}],"wp:attachment":[{"href":"https:\/\/landesimpresario.com\/polisimpresario\/wp-json\/wp\/v2\/media?parent=55"}],"wp:term":[{"taxonomy":"category","embeddable":true,"href":"https:\/\/landesimpresario.com\/polisimpresario\/wp-json\/wp\/v2\/categories?post=55"},{"taxonomy":"post_tag","embeddable":true,"href":"https:\/\/landesimpresario.com\/polisimpresario\/wp-json\/wp\/v2\/tags?post=55"}],"curies":[{"name":"wp","href":"https:\/\/api.w.org\/{rel}","templated":true}]}}