{"id":37,"date":"2025-09-07T08:13:35","date_gmt":"2025-09-07T08:13:35","guid":{"rendered":"https:\/\/landesimpresario.com\/polisimpresario\/?p=37"},"modified":"2025-09-07T08:14:40","modified_gmt":"2025-09-07T08:14:40","slug":"aus-is-die-trennung-der-streithammel","status":"publish","type":"post","link":"https:\/\/landesimpresario.com\/polisimpresario\/2025\/09\/07\/aus-is-die-trennung-der-streithammel\/","title":{"rendered":"Aus is! \u2013 Die Trennung der Streithammel"},"content":{"rendered":"<h1>\ud83d\udcdd Politisches Podcast: \u201eAus is!\u201c<\/h1>\n<h1>\u2013 Die Trennung der Streithammel bei FELLNER! LIVE<\/h1>\n<h2>\u201eAus is!\u201c \u2013 Wolfgang Fellner zieht die Rei\u00dfleine \ud83d\udea8<\/h2>\n<p>Es war ein politisches Duell, das regelm\u00e4\u00dfig die Grenzen des Sagbaren auslotete \u2013 und dabei die Zugriffszahlen in die H\u00f6he trieb. Die Konfrontationen zwischen Dr. Sebastian Bohrn Mena und Gerald Grosz bei <em>FELLNER! LIVE<\/em> waren laut, hitzig und oft chaotisch. Was als Diskussionsformat begann, entwickelte sich zunehmend zur rhetorischen Arena, in der Argumente sekund\u00e4r und Provokation prim\u00e4r schien.<\/p>\n<p>Mit \u00fcber <strong>80.000 Views pro Folge auf YouTube<\/strong> war das Format ein Quotenbringer \u2013 aber auch ein Pulverfass. Die Debatten zwischen Bohrn Mena, dem linken Aktivisten und Publizisten, und Grosz, dem rechten Provokateur und ehemaligen BZ\u00d6-Politiker, waren gepr\u00e4gt von gegenseitiger Verachtung, pers\u00f6nlichen Angriffen und einem Ton, der eher an Stammtisch als an Studio erinnerte.<\/p>\n<h2>\ud83c\udfa4 Wolfgang Fellner greift ein \u2013 und trennt<\/h2>\n<p>Nun hat Moderator und Medienmacher Wolfgang Fellner entschieden: <strong>Aus is!<\/strong> Die Streithammel werden voneinander getrennt \u2013 g\u00fctig, aber bestimmt. Die Entscheidung wirkt wie ein Befreiungsschlag f\u00fcr das Format, das zuletzt mehr durch Eskalation als durch Erkenntnisgewinn auffiel.<\/p>\n<p>Gerald Grosz soll k\u00fcnftig mit einem neuen Diskussionsgegner konfrontiert werden \u2013 der Name ist noch nicht bekannt, doch man darf gespannt sein, ob das neue Gegen\u00fcber mehr Substanz und weniger L\u00e4rm verspricht. Grosz bleibt also Teil des Formats, aber bekommt eine neue B\u00fchne f\u00fcr seine pointierten, oft polarisierenden Kommentare.<\/p>\n<h2>\ud83d\udce1 Bohrn Mena mit neuem Format: \u201eHass im Netz\u201c<\/h2>\n<p>Dr. Sebastian Bohrn Mena hingegen erh\u00e4lt ein eigenes Format mit gesellschaftspolitischem Fokus: <em>\u201eHass im Netz\u201c<\/em>. Ein Thema, das ihm nicht nur inhaltlich liegt, sondern auch pers\u00f6nliche Relevanz hat \u2013 Bohrn Mena war selbst mehrfach Ziel von digitalen Angriffen und Hetze. Das neue Format verspricht Tiefgang, Analyse und hoffentlich auch L\u00f6sungsans\u00e4tze f\u00fcr eines der dr\u00e4ngendsten Probleme unserer digitalen \u00d6ffentlichkeit.<\/p>\n<h2>\ud83d\udd0d Was bleibt?<\/h2>\n<p>Die Trennung der beiden Kontrahenten ist mehr als nur eine redaktionelle Entscheidung \u2013 sie ist ein Signal. Ein Signal daf\u00fcr, dass politische Debatte nicht zwangsl\u00e4ufig in verbale Scharm\u00fctzel m\u00fcnden muss. Dass Medien Verantwortung tragen, wenn es um Ton und Inhalt geht. Und dass Reichweite nicht das einzige Kriterium f\u00fcr Relevanz sein darf.<\/p>\n<p>Ob die neuen Formate an die Quoten der alten Duelle heranreichen, bleibt abzuwarten. Aber eines ist sicher: Die politische Gespr\u00e4chskultur hat eine Chance auf Neuausrichtung bekommen. Und das ist \u2013 bei aller Lautst\u00e4rke \u2013 ein leiser Fortschritt. \u2728<\/p>\n<p>&nbsp;<\/p>\n<ul>\n<li>https:\/\/youtu.be\/K7Go_xGdzJ0?si=zu2OtVklMXhRGBtZ<\/li>\n<\/ul>\n<p>&nbsp;<\/p>\n<p>&nbsp;<\/p>\n<p>&nbsp;<\/p>\n<p>&nbsp;<\/p>\n<p>&nbsp;<\/p>\n<p>&nbsp;<\/p>\n<p>&nbsp;<\/p>\n<p>&nbsp;<\/p>\n<p>&nbsp;<\/p>\n<p><a href=\"https:\/\/landesimpresario.com\/polisimpresario\"><img loading=\"lazy\" decoding=\"async\" class=\"aligncenter size-full wp-image-29\" src=\"https:\/\/landesimpresario.com\/polisimpresario\/wp-content\/uploads\/2025\/08\/impresario-reichstag.jpg\" alt=\"\" width=\"768\" height=\"768\" srcset=\"https:\/\/landesimpresario.com\/polisimpresario\/wp-content\/uploads\/2025\/08\/impresario-reichstag.jpg 768w, https:\/\/landesimpresario.com\/polisimpresario\/wp-content\/uploads\/2025\/08\/impresario-reichstag-300x300.jpg 300w, https:\/\/landesimpresario.com\/polisimpresario\/wp-content\/uploads\/2025\/08\/impresario-reichstag-150x150.jpg 150w\" sizes=\"auto, (max-width: 768px) 100vw, 768px\" \/><\/a><\/p>\n","protected":false},"excerpt":{"rendered":"<p>\ud83d\udcdd Politisches Podcast: \u201eAus is!\u201c \u2013 Die Trennung der Streithammel bei FELLNER! LIVE \u201eAus is!\u201c \u2013 Wolfgang Fellner zieht die Rei\u00dfleine \ud83d\udea8 Es war ein politisches Duell, das regelm\u00e4\u00dfig die Grenzen des Sagbaren auslotete \u2013 und dabei die Zugriffszahlen in die H\u00f6he trieb. Die Konfrontationen zwischen Dr. Sebastian Bohrn Mena und Gerald Grosz bei FELLNER!&#8230;<\/p>\n","protected":false},"author":1,"featured_media":38,"comment_status":"open","ping_status":"open","sticky":false,"template":"","format":"standard","meta":{"footnotes":""},"categories":[3],"tags":[13,16,17,15,14],"class_list":["post-37","post","type-post","status-publish","format-standard","has-post-thumbnail","hentry","category-politik-als-buhne","tag-fellner-live","tag-gerald-grosz","tag-oe24","tag-sebastian-bohrn-mena","tag-wolfgang-fellner"],"_links":{"self":[{"href":"https:\/\/landesimpresario.com\/polisimpresario\/wp-json\/wp\/v2\/posts\/37","targetHints":{"allow":["GET"]}}],"collection":[{"href":"https:\/\/landesimpresario.com\/polisimpresario\/wp-json\/wp\/v2\/posts"}],"about":[{"href":"https:\/\/landesimpresario.com\/polisimpresario\/wp-json\/wp\/v2\/types\/post"}],"author":[{"embeddable":true,"href":"https:\/\/landesimpresario.com\/polisimpresario\/wp-json\/wp\/v2\/users\/1"}],"replies":[{"embeddable":true,"href":"https:\/\/landesimpresario.com\/polisimpresario\/wp-json\/wp\/v2\/comments?post=37"}],"version-history":[{"count":2,"href":"https:\/\/landesimpresario.com\/polisimpresario\/wp-json\/wp\/v2\/posts\/37\/revisions"}],"predecessor-version":[{"id":40,"href":"https:\/\/landesimpresario.com\/polisimpresario\/wp-json\/wp\/v2\/posts\/37\/revisions\/40"}],"wp:featuredmedia":[{"embeddable":true,"href":"https:\/\/landesimpresario.com\/polisimpresario\/wp-json\/wp\/v2\/media\/38"}],"wp:attachment":[{"href":"https:\/\/landesimpresario.com\/polisimpresario\/wp-json\/wp\/v2\/media?parent=37"}],"wp:term":[{"taxonomy":"category","embeddable":true,"href":"https:\/\/landesimpresario.com\/polisimpresario\/wp-json\/wp\/v2\/categories?post=37"},{"taxonomy":"post_tag","embeddable":true,"href":"https:\/\/landesimpresario.com\/polisimpresario\/wp-json\/wp\/v2\/tags?post=37"}],"curies":[{"name":"wp","href":"https:\/\/api.w.org\/{rel}","templated":true}]}}